{"id":640,"date":"2019-11-14T10:41:29","date_gmt":"2019-11-14T10:41:29","guid":{"rendered":"http:\/\/algornet.com\/?p=640"},"modified":"2019-11-14T10:41:30","modified_gmt":"2019-11-14T10:41:30","slug":"le-programme-daides","status":"publish","type":"post","link":"http:\/\/algornet.com\/es\/2019\/11\/le-programme-daides\/","title":{"rendered":"Le programme d\u2019aides"},"content":{"rendered":"<p>Gr\u00e2ce \u00e0 l\u2019engagement des \u00e9lus de la Communaut\u00e9 de Communes de la Vall\u00e9e de la Haute Sarthe, et un partenariat avec l\u2019ANAH et le Conseil D\u00e9partemental, une Op\u00e9ration Programm\u00e9e d\u2019Am\u00e9lioration de l\u2019Habitat (OPAH) a \u00e9t\u00e9 lanc\u00e9e le 1<sup>er<\/sup>&nbsp;janvier 2018 sur les 31 communes du territoire.<\/p>\n\n\n\n<p>L\u2019objectif est d\u2019accompagner 70 projets de travaux sur 3 ans. La majorit\u00e9 des travaux d\u2019am\u00e9lioration d\u2019un logement sont \u00e9ligibles en particulier ceux permettant de r\u00e9duire la consommation d\u2019\u00e9nergie du logement et ceux favorisant l\u2019adaptation aux handicaps.<\/p>\n\n\n\n<p><strong>\u00c9tat d\u2019avancement de l\u2019op\u00e9ration<\/strong><\/p>\n\n\n\n<p>Au 15 septembre 2019, ce sont d\u00e9j\u00e0 138 personnes qui se sont renseign\u00e9es sur les aides qu\u2019elles pourraient obtenir. 41 ont d\u2019ores et d\u00e9j\u00e0 obtenu un accord de subvention. Cela repr\u00e9sente plus de 325&nbsp;000 \u20ac d\u2019aides publiques pour un montant de travaux pr\u00e9vu de 875 000 \u20ac.<\/p>\n\n\n\n<p><strong>Pr\u00e9sentation du projet visit\u00e9<\/strong><\/p>\n\n\n\n<p>Afin de toucher le plus de personnes possible de nombreuses actions de communication et de prospection sont r\u00e9guli\u00e8rement men\u00e9es. Dans cette optique,&nbsp;&nbsp;une visite \u00e0 eu lieu chez un b\u00e9n\u00e9ficiaire ayant r\u00e9alis\u00e9 des travaux d\u2019\u00e9conomies d\u2019\u00e9nergie ce mardi 24 septembre.&nbsp;&nbsp;Les \u00e9lus et partenaires qui financent l\u2019op\u00e9ration ont pu observer concr\u00e8tement les travaux men\u00e9s.<\/p>\n\n\n\n<p>Ils se rendus \u00e0 St Agnan sur Sarthe chez un couple dont le logement d\u2019une surface de 130 m\u00b2 construit en moellons et datant d\u2019avant 1900 avait besoin de travaux d\u2019\u00e9conomies d\u2019\u00e9nergie. Ils se sont rendus \u00e0 la permanence de l\u2019OPAH en f\u00e9vrier 2018, et le dossier a fait l\u2019objet d\u2019un d\u00e9p\u00f4t au mois d\u2019octobre 2018, pour un avis favorable au mois de d\u00e9cembre et des travaux achev\u00e9s \u00e0 l\u2019\u00e9t\u00e9 2019. Le m\u00e9nage a re\u00e7u un accompagnement financier \u00e0 hauteur de 40% du co\u00fbt du projet.<\/p>\n\n\n\n<p>Ils souhaitaient r\u00e9-isoler les murs nord et est par l\u2019ext\u00e9rieur et changer le chauffe-eau pour un chauffe-eau thermodynamique. Le r\u00e9sultat est bluffant, l\u2019enduit appliqu\u00e9 sur l\u2019isolant respecte le caract\u00e8re de la maison, jusqu\u2019\u00e0 l\u2019entourage des fen\u00eatres en imitation brique&nbsp;! L\u2019\u00e9conomie d\u2019\u00e9nergie pr\u00e9cise sera connue \u00e0 la fin de la p\u00e9riode de chauffe.<\/p>\n\n\n\n<p><strong>Une information et un accompagnement totalement gratuit<\/strong><\/p>\n\n\n\n<p>Vous \u00eates int\u00e9ress\u00e9s&nbsp;? il est possible de se renseigner tous les jours aupr\u00e8s de&nbsp;l\u2019association SOLIHA Territoires en Normandie.<\/p>\n\n\n\n<p>T\u00e9l. 02 31 86 70 50 &#8211; 06 88 24 51 81 ou par courriel :&nbsp;<a href=\"mailto:contact@solihanormandie.fr\">contact@solihanormandie.fr<\/a><\/p>\n\n\n\n<p>Des permanences d\u00e9centralis\u00e9es&nbsp;:<\/p>\n\n\n\n<p>Par ailleurs un conseiller SOLIHA accueillera les b\u00e9n\u00e9ficiaires lors de permanences&nbsp;sur rendez-vous&nbsp;les :<\/p>\n\n\n\n<p>\u2022&nbsp;<strong>Chaque 1<sup>er<\/sup>&nbsp;mercredi matin du mois au M\u00eale-sur-Sarthe :<br><\/strong><\/p>\n\n\n\n<p>&nbsp;A la mairie, 21, rue de Libcany, 61170 Le M\u00eale-sur-Sarthe<\/p>\n\n\n\n<p>\u2022&nbsp;<strong>Chaque 3<sup>\u00e8me<\/sup>&nbsp;&nbsp;vendredi matin du mois \u00e0 Courtomer :<br><\/strong><\/p>\n\n\n\n<p>A la mairie,1, place Saint-Lhomer, 61390 Courtomer<\/p>","protected":false},"excerpt":{"rendered":"<p>Gr\u00e2ce \u00e0 l\u2019engagement des \u00e9lus de la Communaut\u00e9 de Communes de la Vall\u00e9e de la Haute Sarthe, et un partenariat avec l\u2019ANAH et le Conseil D\u00e9partemental, une Op\u00e9ration Programm\u00e9e d\u2019Am\u00e9lioration de l\u2019Habitat (OPAH) a \u00e9t\u00e9 lanc\u00e9e le 1er&nbsp;janvier 2018 sur les 31 communes du territoire. L\u2019objectif est d\u2019accompagner 70 projets de travaux sur 3 ans. [&hellip;]<\/p>","protected":false},"author":2,"featured_media":0,"comment_status":"open","ping_status":"open","sticky":false,"template":"","format":"standard","meta":[],"categories":[1],"tags":[],"_links":{"self":[{"href":"http:\/\/algornet.com\/es\/wp-json\/wp\/v2\/posts\/640"}],"collection":[{"href":"http:\/\/algornet.com\/es\/wp-json\/wp\/v2\/posts"}],"about":[{"href":"http:\/\/algornet.com\/es\/wp-json\/wp\/v2\/types\/post"}],"author":[{"embeddable":true,"href":"http:\/\/algornet.com\/es\/wp-json\/wp\/v2\/users\/2"}],"replies":[{"embeddable":true,"href":"http:\/\/algornet.com\/es\/wp-json\/wp\/v2\/comments?post=640"}],"version-history":[{"count":0,"href":"http:\/\/algornet.com\/es\/wp-json\/wp\/v2\/posts\/640\/revisions"}],"wp:attachment":[{"href":"http:\/\/algornet.com\/es\/wp-json\/wp\/v2\/media?parent=640"}],"wp:term":[{"taxonomy":"category","embeddable":true,"href":"http:\/\/algornet.com\/es\/wp-json\/wp\/v2\/categories?post=640"},{"taxonomy":"post_tag","embeddable":true,"href":"http:\/\/algornet.com\/es\/wp-json\/wp\/v2\/tags?post=640"}],"curies":[{"name":"wp","href":"https:\/\/api.w.org\/{rel}","templated":true}]}}