{"id":658,"date":"2019-11-14T10:48:22","date_gmt":"2019-11-14T10:48:22","guid":{"rendered":"http:\/\/algornet.com\/?p=658"},"modified":"2019-12-16T08:29:02","modified_gmt":"2019-12-16T08:29:02","slug":"forum-des-associations-2019","status":"publish","type":"post","link":"http:\/\/algornet.com\/en\/2019\/11\/forum-des-associations-2019\/","title":{"rendered":"FORUM DES ASSOCIATIONS 2019"},"content":{"rendered":"<p>Cette ann\u00e9e encore, le public \u00e9tait au rendez-vous ce vendredi 6 septembre, pour d\u00e9couvrir et s&rsquo;inscrire aux diverses activit\u00e9s propos\u00e9es lors du FORUM DES ASSOCIATIONS.<\/p>\n\n\n\n<p>Familles et habitants ont pu :<\/p>\n\n\n\n<ul><li>d\u00e9couvrir, en avant-premi\u00e8re, la nouvelle saison culturelle 2019-2020,<\/li><li>s&rsquo;amuser, tout comme le pr\u00e9sident de la collectivit\u00e9 (photo de gauche) \u00e0 trier les d\u00e9chets sur le stand de la CDC,<\/li><li>jouer avec la structure gonflable du basket club du Pays M\u00ealois,<\/li><li>d\u00e9guster des g\u00e2teaux sur le stand des ados du Centre de Plein Air du Pays M\u00ealois&#8230;<\/li><\/ul>\n\n\n\n<p>Pendant 3 heures, petits et grands ont fait des choix sportifs et\/ou culturels pour cette nouvelle saison 2019-2020. Nous leur souhaitons une bonne rentr\u00e9e et une ann\u00e9e sportivement et culturellement riche.<\/p>\n\n\n\n<p>Vous pouvez retrouver des informations sur les associations sur ce&nbsp;<a href=\"https:\/\/www.cdcvalleedelahautesarthe.com\/vie-locale\/\">lien<\/a>.<\/p>\n\n\n\n<p>Ou t\u00e9l\u00e9charger le&nbsp;<a href=\"https:\/\/www.cdcvalleedelahautesarthe.com\/petit-fut%C3%A9\/\">p&rsquo;tit fut\u00e9 2019<\/a>.<\/p>","protected":false},"excerpt":{"rendered":"<p>Cette ann\u00e9e encore, le public \u00e9tait au rendez-vous ce vendredi 6 septembre, pour d\u00e9couvrir et s&rsquo;inscrire aux diverses activit\u00e9s propos\u00e9es lors du FORUM DES ASSOCIATIONS. Familles et habitants ont pu : d\u00e9couvrir, en avant-premi\u00e8re, la nouvelle saison culturelle 2019-2020, s&rsquo;amuser, tout comme le pr\u00e9sident de la collectivit\u00e9 (photo de gauche) \u00e0 trier les d\u00e9chets sur [&hellip;]<\/p>","protected":false},"author":2,"featured_media":0,"comment_status":"open","ping_status":"open","sticky":false,"template":"","format":"standard","meta":[],"categories":[13],"tags":[],"_links":{"self":[{"href":"http:\/\/algornet.com\/en\/wp-json\/wp\/v2\/posts\/658"}],"collection":[{"href":"http:\/\/algornet.com\/en\/wp-json\/wp\/v2\/posts"}],"about":[{"href":"http:\/\/algornet.com\/en\/wp-json\/wp\/v2\/types\/post"}],"author":[{"embeddable":true,"href":"http:\/\/algornet.com\/en\/wp-json\/wp\/v2\/users\/2"}],"replies":[{"embeddable":true,"href":"http:\/\/algornet.com\/en\/wp-json\/wp\/v2\/comments?post=658"}],"version-history":[{"count":0,"href":"http:\/\/algornet.com\/en\/wp-json\/wp\/v2\/posts\/658\/revisions"}],"wp:attachment":[{"href":"http:\/\/algornet.com\/en\/wp-json\/wp\/v2\/media?parent=658"}],"wp:term":[{"taxonomy":"category","embeddable":true,"href":"http:\/\/algornet.com\/en\/wp-json\/wp\/v2\/categories?post=658"},{"taxonomy":"post_tag","embeddable":true,"href":"http:\/\/algornet.com\/en\/wp-json\/wp\/v2\/tags?post=658"}],"curies":[{"name":"wp","href":"https:\/\/api.w.org\/{rel}","templated":true}]}}